{"id":96675,"date":"2021-11-02T13:05:00","date_gmt":"2021-11-02T13:05:00","guid":{"rendered":"https:\/\/espaciocultural.ciudaddemendoza.gob.ar\/?p=96675"},"modified":"2021-11-11T13:15:54","modified_gmt":"2021-11-11T13:15:54","slug":"nueva-muestra-en-el-anexo-mmamm-3","status":"publish","type":"post","link":"https:\/\/espaciocultural.ciudaddemendoza.gob.ar\/?p=96675","title":{"rendered":"Nueva muestra en el Anexo MMAMM"},"content":{"rendered":"\n<h3 class=\"wp-block-heading\">La sala de arte del Parque Central abre este jueves la exposici\u00f3n fotogr\u00e1fica \u00abT\u00e9rminos &amp; Condiciones\u00bb.<\/h3>\n\n\n\n<p>La Ciudad de Mendoza invita este jueves 4 de noviembre a la inauguraci\u00f3n de la muestra \u201cT\u00e9rminos &amp; Condiciones\u201d, de los fot\u00f3grafos Mat\u00edas Funes (U.F.O) y Gabriel Marcheta (Coaxil). La exhibici\u00f3n, en la que tambi\u00e9n participa la curadora e historiadora del arte Paula Pino, abrir\u00e1 sus puertas a las 19 horas en la Sala Anexo MMAMM, ubicada en el Parque Central.<br><br>Posteriormente, esta propuesta se podr\u00e1 visitar de martes a viernes de 10 a 19 hs. y s\u00e1bados y domingos de 16 a 20 hs., con entrada gratuita.<br><br>Este proyecto art\u00edstico colectivo propone una mirada profunda sobre el desnudo y las est\u00e9ticas normativas de los cuerpos. Se trata de una propuesta creativa interdisciplinaria que viene gest\u00e1ndose desde hace dos a\u00f1os, con un exhaustivo trabajo de investigaci\u00f3n y creaci\u00f3n colectiva.<br><br>La obra de UFO sobre la figura humana, los cuerpos y el desnudo, se une a Proyecto Coaxil y sus pegatinas murales en blanco y negro y el trabajo curatorial de Paula Pino, para presentar un cuestionamiento actual sobre las est\u00e9ticas normativas de los cuerpos y la liminalidad entre lo \u00edntimo y lo p\u00fablico.<br><br>A partir de una foto instalaci\u00f3n sonora, se busca generar nuevos interrogantes para pensar el cuerpo en la circulaci\u00f3n de im\u00e1genes de las redes sociales, una exposici\u00f3n que cuenta con ciertos t\u00e9rminos y condiciones, por lo que usuarios y usuarias toman decisiones frente a \u00e9stas normas y al mismo tiempo se conforma un ecosistema digital que responde a estereotipos heteronormativos y sexualizados del cuerpo y el desnudo.<br><br>Con este trabajo, el equipo pretende ir m\u00e1s all\u00e1 en los debates sobre lo que se censura y lo que circula, en una cr\u00edtica que sale del espacio p\u00fablico virtual al espacio p\u00fablico real, con aportes de los y las modelos\/int\u00e9rpretes en las sesiones fotogr\u00e1ficas, quienes se sumaron a la iniciativa con sus testimonios verbales y no verbales de c\u00f3mo se identifican y sienten a partir de sus cuerpos.<br><br>El grupo de trabajo para la exposici\u00f3n se completa con la participaci\u00f3n de Mariel Cayl\u00e1 en comunicaci\u00f3n y prensa y Marcos de Boni en el dise\u00f1o y producci\u00f3n de sonido.<br><br><strong>ACTIVIDADES<\/strong><br>\ud83d\udcc6 Jueves 11 de noviembre del 2021<br>\u23f2Horario 18 hs.<br>\ud83d\udcccParte inferior del puente del paseo Di Benedetto de la calle Av. Bartolom\u00e9 Mitre, Parque Central.<br>\ud83d\udccd Entrada libre y gratuita<br>Coaxil Paste-up. Invitamos a la intervenci\u00f3n art\u00edstica de experimentaci\u00f3n mural con pegatina a cargo del colectivo Coaxil. La activaci\u00f3n consiste en recuperar y reinterpretar el mural realizado por Gaucholadri en el marco del Festival Poeta Gr\u00e1fico del a\u00f1o 2019. En un gesto de vinculaci\u00f3n hist\u00f3rica con otras propuestas art\u00edsticas organizadas por la sala Anexo MMAMM. El encuentro es en la parte inferior del puente del paseo Di Benedetto donde se encuentra el mural.<br><br>\ud83d\udcc6 Mi\u00e9rcoles 24 de noviembre del 2021<br>\u23f2Horario 17 hs.<br>\ud83d\udcccSala Anexo MMAMM, Parque Central<br>\ud83d\udccd Entrada libre y gratuita<br>Charla abierta a cargo de la curadora de la exposici\u00f3n \u00abT\u00e9rminos &amp; Condiciones\u00bb, Magister Paula Pino. La charla consiste en un di\u00e1logo con el p\u00fablico para relatar el proceso de curadur\u00eda y de concreci\u00f3n del concepto de la exposici\u00f3n.<br><br><strong>VISITAS EDUCATIVAS<\/strong><br>\ud83d\udcc6 Martes a viernes de noviembre del 2021<br>\u23f2Horarios: Turno ma\u00f1ana: a partir de las 10 hs. y Turno tarde: 16 hs. (s\u00f3lo martes, jueves y viernes).<br>\ud83d\udcccVisitas a la exposici\u00f3n \u201cT\u00e9rmino y condiciones\u201d de los artistas UFO + Coaxil<br>\ud83d\udccd\u00a0 Entrada libre y gratuita. Solicitar turnos al correo<br>comunidadmmamm@ciudaddemendoza.gov.ar<br>(Consignar en el mensaje: Instituci\u00f3n, a\u00f1o, espacio curricular y cantidad de estudiantes).<\/p>\n\n\n\n<p><\/p>\n","protected":false},"excerpt":{"rendered":"<p>La sala de arte del Parque Central abre este jueves la exposici\u00f3n fotogr\u00e1fica \u00abT\u00e9rminos &amp; Condiciones\u00bb. La Ciudad de Mendoza invita este jueves 4 de noviembre a la inauguraci\u00f3n de la muestra \u201cT\u00e9rminos &amp; Condiciones\u201d, de los fot\u00f3grafos Mat\u00edas Funes (U.F.O) y Gabriel Marcheta (Coaxil). La exhibici\u00f3n, en la que tambi\u00e9n participa la curadora e [&hellip;]<\/p>\n","protected":false},"author":9,"featured_media":96138,"comment_status":"open","ping_status":"open","sticky":false,"template":"","format":"standard","meta":{"om_disable_all_campaigns":false,"_mi_skip_tracking":false,"_monsterinsights_sitenote_active":false,"_monsterinsights_sitenote_note":"","_monsterinsights_sitenote_category":0,"footnotes":""},"categories":[72,21],"tags":[],"class_list":["post-96675","post","type-post","status-publish","format-standard","has-post-thumbnail","hentry","category-anexo-mmamm","category-cultura"],"acf":[],"aioseo_notices":[],"_links":{"self":[{"href":"https:\/\/espaciocultural.ciudaddemendoza.gob.ar\/index.php?rest_route=\/wp\/v2\/posts\/96675","targetHints":{"allow":["GET"]}}],"collection":[{"href":"https:\/\/espaciocultural.ciudaddemendoza.gob.ar\/index.php?rest_route=\/wp\/v2\/posts"}],"about":[{"href":"https:\/\/espaciocultural.ciudaddemendoza.gob.ar\/index.php?rest_route=\/wp\/v2\/types\/post"}],"author":[{"embeddable":true,"href":"https:\/\/espaciocultural.ciudaddemendoza.gob.ar\/index.php?rest_route=\/wp\/v2\/users\/9"}],"replies":[{"embeddable":true,"href":"https:\/\/espaciocultural.ciudaddemendoza.gob.ar\/index.php?rest_route=%2Fwp%2Fv2%2Fcomments&post=96675"}],"version-history":[{"count":1,"href":"https:\/\/espaciocultural.ciudaddemendoza.gob.ar\/index.php?rest_route=\/wp\/v2\/posts\/96675\/revisions"}],"predecessor-version":[{"id":96676,"href":"https:\/\/espaciocultural.ciudaddemendoza.gob.ar\/index.php?rest_route=\/wp\/v2\/posts\/96675\/revisions\/96676"}],"wp:featuredmedia":[{"embeddable":true,"href":"https:\/\/espaciocultural.ciudaddemendoza.gob.ar\/index.php?rest_route=\/wp\/v2\/media\/96138"}],"wp:attachment":[{"href":"https:\/\/espaciocultural.ciudaddemendoza.gob.ar\/index.php?rest_route=%2Fwp%2Fv2%2Fmedia&parent=96675"}],"wp:term":[{"taxonomy":"category","embeddable":true,"href":"https:\/\/espaciocultural.ciudaddemendoza.gob.ar\/index.php?rest_route=%2Fwp%2Fv2%2Fcategories&post=96675"},{"taxonomy":"post_tag","embeddable":true,"href":"https:\/\/espaciocultural.ciudaddemendoza.gob.ar\/index.php?rest_route=%2Fwp%2Fv2%2Ftags&post=96675"}],"curies":[{"name":"wp","href":"https:\/\/api.w.org\/{rel}","templated":true}]}}