{"id":96723,"date":"2021-11-15T14:43:17","date_gmt":"2021-11-15T14:43:17","guid":{"rendered":"https:\/\/espaciocultural.ciudaddemendoza.gob.ar\/?p=96723"},"modified":"2021-11-25T15:48:26","modified_gmt":"2021-11-25T15:48:26","slug":"cielo-raso-de-franco-contreras","status":"publish","type":"post","link":"https:\/\/espaciocultural.ciudaddemendoza.gob.ar\/?p=96723","title":{"rendered":"\u201cCielo raso\u201d de Franco Contreras."},"content":{"rendered":"\n<p><em>Cielo raso<\/em> propone una instalaci\u00f3n art\u00edstica donde el techo h\u00famedo, manchado, lleno de pintadas sutiles se transforma ante la mirada del artista, en paisajes y distintas figuras que imagina y recuerda de su infancia, antes de dormir.<\/p>\n\n\n\n<p><strong><em>Pod\u00e9s visitar la exposici\u00f3n de martes a viernes de 10 a 19 hs, s\u00e1bados y domingos de 16 a 20 hs. Sala Anexo MMAMM, Parque Central. Entrada gratuita. Abierta hasta el domingo 31 de octubre de 2021.<\/em><\/strong><\/p>\n","protected":false},"excerpt":{"rendered":"<p>Cielo raso propone una instalaci\u00f3n art\u00edstica donde el techo h\u00famedo, manchado, lleno de pintadas sutiles se transforma ante la mirada del artista, en paisajes y distintas figuras que imagina y recuerda de su infancia, antes de dormir. Pod\u00e9s visitar la exposici\u00f3n de martes a viernes de 10 a 19 hs, s\u00e1bados y domingos de 16 [&hellip;]<\/p>\n","protected":false},"author":1,"featured_media":96724,"comment_status":"open","ping_status":"open","sticky":false,"template":"","format":"standard","meta":{"om_disable_all_campaigns":false,"_mi_skip_tracking":false,"_monsterinsights_sitenote_active":false,"_monsterinsights_sitenote_note":"","_monsterinsights_sitenote_category":0,"footnotes":""},"categories":[81],"tags":[],"class_list":["post-96723","post","type-post","status-publish","format-standard","has-post-thumbnail","hentry","category-exposiciones-pasadas-anexo-mmamm"],"acf":[],"aioseo_notices":[],"_links":{"self":[{"href":"https:\/\/espaciocultural.ciudaddemendoza.gob.ar\/index.php?rest_route=\/wp\/v2\/posts\/96723","targetHints":{"allow":["GET"]}}],"collection":[{"href":"https:\/\/espaciocultural.ciudaddemendoza.gob.ar\/index.php?rest_route=\/wp\/v2\/posts"}],"about":[{"href":"https:\/\/espaciocultural.ciudaddemendoza.gob.ar\/index.php?rest_route=\/wp\/v2\/types\/post"}],"author":[{"embeddable":true,"href":"https:\/\/espaciocultural.ciudaddemendoza.gob.ar\/index.php?rest_route=\/wp\/v2\/users\/1"}],"replies":[{"embeddable":true,"href":"https:\/\/espaciocultural.ciudaddemendoza.gob.ar\/index.php?rest_route=%2Fwp%2Fv2%2Fcomments&post=96723"}],"version-history":[{"count":1,"href":"https:\/\/espaciocultural.ciudaddemendoza.gob.ar\/index.php?rest_route=\/wp\/v2\/posts\/96723\/revisions"}],"predecessor-version":[{"id":96725,"href":"https:\/\/espaciocultural.ciudaddemendoza.gob.ar\/index.php?rest_route=\/wp\/v2\/posts\/96723\/revisions\/96725"}],"wp:featuredmedia":[{"embeddable":true,"href":"https:\/\/espaciocultural.ciudaddemendoza.gob.ar\/index.php?rest_route=\/wp\/v2\/media\/96724"}],"wp:attachment":[{"href":"https:\/\/espaciocultural.ciudaddemendoza.gob.ar\/index.php?rest_route=%2Fwp%2Fv2%2Fmedia&parent=96723"}],"wp:term":[{"taxonomy":"category","embeddable":true,"href":"https:\/\/espaciocultural.ciudaddemendoza.gob.ar\/index.php?rest_route=%2Fwp%2Fv2%2Fcategories&post=96723"},{"taxonomy":"post_tag","embeddable":true,"href":"https:\/\/espaciocultural.ciudaddemendoza.gob.ar\/index.php?rest_route=%2Fwp%2Fv2%2Ftags&post=96723"}],"curies":[{"name":"wp","href":"https:\/\/api.w.org\/{rel}","templated":true}]}}