{"id":97585,"date":"2022-08-02T16:18:15","date_gmt":"2022-08-02T16:18:15","guid":{"rendered":"https:\/\/espaciocultural.ciudaddemendoza.gob.ar\/?p=97585"},"modified":"2022-08-02T16:18:17","modified_gmt":"2022-08-02T16:18:17","slug":"en-agosto-disfruta-de-danza-arriba-en-el-quintanilla","status":"publish","type":"post","link":"https:\/\/espaciocultural.ciudaddemendoza.gob.ar\/?p=97585","title":{"rendered":"En agosto disfrut\u00e1 de \u201cDanza Arriba\u201d en el Quintanilla"},"content":{"rendered":"\n<p><strong>El ciclo presentar\u00e1 interesantes propuestas, entre ellas dos conservatorios gratuitos. Adquir\u00ed tu ticket a trav\u00e9s de Entrada Web.<\/strong><\/p>\n\n\n\n<p>La Ciudad de Mendoza trae en agosto el&nbsp;<strong>ciclo \u201cDanza Arriba\u201d&nbsp;<\/strong>para disfrutar en el &nbsp;<strong>teatro Julio Quintanilla.<\/strong>&nbsp;El inicio ser\u00e1 el&nbsp;<strong>s\u00e1bado 6 con un conversatorio gratuito<\/strong>, mientras que<strong>&nbsp;a partir del viernes 12 tendr\u00e1n lugar las diferentes obras que se presentar\u00e1n a lo largo del mes.<\/strong><br><br>Las propuestas son&nbsp;<strong>\u201cSinergia\u201d y \u201cViejas son las trapas\u201d<\/strong>&nbsp;(viernes 12),&nbsp;<strong>\u201cEl punto en que el lenguaje falla\u201d y \u201cLago\u201d<\/strong>&nbsp;(s\u00e1bado 13),&nbsp;<strong>\u201cLa danza en m\u00ed\u201d y \u201cColapso\u201d<\/strong>&nbsp;(viernes 19),&nbsp;<strong>\u201cFantas\u00eda \u2013 Una peli de Floox Mart\u00edn\u201d&nbsp;<\/strong>y&nbsp;<strong>\u201cLa sombra en los confines\u201d<\/strong>&nbsp;(viernes 26).<br><br><strong>Las entradas tendr\u00e1n un valor de $1000 y pueden adquirirse en Entrada Web.<\/strong><\/p>\n\n\n\n<h2 class=\"wp-block-heading\" id=\"asi-sera-el-programa-del-ciclo-danza-arriba\"><strong>As\u00ed ser\u00e1 el programa del ciclo \u201cDanza Arriba\u201d:<\/strong><\/h2>\n\n\n\n<p><strong>\u2013 S\u00e1bado 6 a las 12 \u2013 Entrada Libre y gratuita<\/strong><\/p>\n\n\n\n<ul class=\"wp-block-list\"><li><em>Conversatorio.<\/em><\/li><\/ul>\n\n\n\n<p><strong>\u2013 Viernes 12 a las 21.30 \u2013 Ciclo de danza \u201cDanza Arriba\u201d \u2013 $1000 Entrada Web<\/strong><\/p>\n\n\n\n<ul class=\"wp-block-list\"><li>Obras: \u201cSinergia\u201d y \u201cViejas son las trapas\u201d. Ciclo de danza en coproducci\u00f3n con el Colectivo Trabajadorxs de la Danza.<\/li><\/ul>\n\n\n\n<p><strong><em>Obra 1: \u201cSinergia\u201d<\/em><\/strong><br><br>\u00abSomos Sinergia\u00bb es una compa\u00f1\u00eda de danza independiente integrada por un elenco de trece bailarinas, creada en el 2021 y dirigida por Sof\u00eda Manzano. El hilo argumental de esta obra de danza refleja la g\u00e9nesis del grupo: representa el nacimiento y la creaci\u00f3n de Sinergia, que es cooperaci\u00f3n y trabajo en equipo, donde la suma de sus integrantes genera como consecuencia un efecto superior a la suma de los efectos individuales. Grupo humano de artistas donde individualmente son diferentes, pero juntas son la fusi\u00f3n perfecta\u2026 juntas son Sinergia.<br><br><strong><em>Obra 2 \u201cViejas son las trapas\u201d<\/em><\/strong><br><br>Mirtha, Raquel, Yolanda y Olga, cuatro se\u00f1oras muy particulares, vecinas desde hace a\u00f1ares, comienzan, con la ayuda de sus nietas, a alejarse de las condiciones establecidas por el hecho de ser mujer.&nbsp;Salen a vivir lo que queda de sus vidas un poco m\u00e1s libres, un poco m\u00e1s j\u00f3venes\u2026 \u00bfPor qu\u00e9 viejas? \u00a1Viejas son las trapas!<br><br><strong>\u2013 S\u00e1bado 13 a las 21.30 \u2013 Ciclo de danza \u201cDanza arriba\u201d \u2013 $1000 Entrada Web<\/strong><\/p>\n\n\n\n<ul class=\"wp-block-list\"><li>Obras:&nbsp;<strong>\u201cEl punto en que el lenguaje falla\u201d y \u201cLago\u201d.<\/strong>&nbsp;Ciclo de danza en coproducci\u00f3n con el Colectivo Trabajadorxs de la Danza.<\/li><\/ul>\n\n\n\n<p><em><strong>Obra 1: \u201cEl punto en que el lenguaje falla\u201d<\/strong><\/em><br><br>Es una obra site specific creada desde los puntos de contacto entre las pr\u00e1cticas de danza, de lectura y de escritura, poniendo foco en las materialidades que puedan devenir de ese encuentro. \u00bfCu\u00e1l es el v\u00ednculo entre la palabra oral y su resonancia en el cuerpo? \u00bfQu\u00e9 genealog\u00eda de voces nos componen y qu\u00e9 posibles ficciones podemos construir a partir de ellxs? \u00bfQu\u00e9 sucede en el encuentro entre lxs cuerpxs, las palabras y el espacio como una convergencia erotizante movilizada por el deseo?<br><br><em><strong>Obra 2: \u201cLago\u201d<\/strong><\/em><br><br>Puesta inspirada en el ballet \u201cEl Lago de Los Cisnes\u201d. Vuelta contempor\u00e1nea del drama y el movimiento.<br><br><strong>\u2013 Viernes 19 a las 21.30 \u2013 Ciclo de danza \u201cDanza Arriba\u201d \u2013 $1000 Entrada Web<\/strong><\/p>\n\n\n\n<ul class=\"wp-block-list\"><li>Obras:&nbsp;<strong>\u201cLa danza en m\u00ed\u201d y \u201cColapso\u201d.<\/strong>&nbsp;Ciclo de danza en coproducci\u00f3n con el Colectivo Trabajadorxs de la Danza.<\/li><\/ul>\n\n\n\n<p><em><strong>Obra 1: \u201cLa danza en m\u00ee\u201d<\/strong><\/em><br><br>Diferentes momentos de la vida cotidiana se transforman en escenas donde de repente nos encontramos bailando.<br><br>Part\u00edculas de Aire<br>(\u2026) Part\u00edculas de amor<br>Esparcidas y movibles.<br>Y en el paseo de rozar el aire,<br>La Danza en m\u00ed.<br>Y por fuera se hizo parte\u2026<br>Del mundo alrededor,<br>Parte de m\u00ed<br>Y quiz\u00e1s qui\u00e9n sabe,<br>Se apodere de vos.<br>Daniela C. (@escritos.caprichosos_cont)<br><br><em><strong>Obra 2: \u201cColapso\u201d<\/strong><\/em><br><br>Obra de danza teatro que busca exponer una problem\u00e1tica que nos atraviesa a todos como sociedad. Desde el g\u00e9nero folcl\u00f3rico y de la mano de la dramaturgia, nuestra premisa se enuncia en cuatro fragmentos que plantean un futuro incierto producto de los basurales a cielo abierto, los desechos t\u00f3xicos, los incendios forestales, la contaminaci\u00f3n sonora y los derrames de petr\u00f3leo, entre otros. Interpretada por nueve mujeres artistas, las cuales utilizan su arte como un medio de cambio, de concientizaci\u00f3n y de transformaci\u00f3n social.<br><br><strong>\u2013 S\u00e1bado 20 a las 12 \u2013 Entrada Libre y gratuita<\/strong><\/p>\n\n\n\n<ul class=\"wp-block-list\"><li>Conversatorio.<\/li><\/ul>\n\n\n\n<p><strong>\u2013 Viernes 26 a las 21.30 \u2013 Ciclo de danza \u201cDanza Arriba\u201d \u2013 $1000 Entrada Web<\/strong><br><br>Obras:\u00a0<strong>\u201cFantas\u00eda \u2013 Una peli de Floox Mart\u00edn\u201d y \u201cLa sombra en los confines\u201d<\/strong>. Ciclo de danza en coproducci\u00f3n con el Colectivo Trabajadorxs de la Danza.<br><br><strong>Obra 1: \u201cFantas\u00eda \u2013 Una peli de Floox Mart\u00edn\u201d<\/strong><br><br>Es un mix de canciones de pel\u00edculas infantiles de todas las \u00e9pocas\u00a0y personajes con personalidades totalmente distintas que se van fusionando junto con una pantalla de im\u00e1genes, colores y mensajes significativos para nuestra sociedad. Se plantea, a trav\u00e9s de esta est\u00e9tica, la idea del concepto de familia moderna vers\u00e1til e inclusiva. Utiliza las t\u00e9cnicas acad\u00e9micas de danza contempor\u00e1nea, jazz y ballet, teatro, acrobacia, etc. Fantas\u00eda es una producci\u00f3n independiente que comenz\u00f3 en 2021 y es la primera producci\u00f3n infantil de La Compa\u00f1\u00eda Dancer y Onomatopeya Producciones.<br><br><em><strong>Obra 2: \u201cLa sombra en los confines\u201d<\/strong><\/em><br><br>Cuerpos que se inician, desde las c\u00e9lulas y la tierra, a volver luego de cinco cosechas. Comienza la reparaci\u00f3n, la resiliencia, la escucha. Cada elemento del universo es tomado en cuenta: viento, agua, fuego o aire. Y en la escucha y uni\u00f3n vuelven al color. Junto a las trenzadoras del sur, vuelven a tejer, a recordar la creaci\u00f3n de una urdimbre de hilos indispensables para un pueblo fuerte y unido en Latinoam\u00e9rica, en la mezcla de los linajes y amores.<\/p>\n\n\n\n<div class=\"wp-block-columns is-layout-flex wp-container-core-columns-is-layout-9d6595d7 wp-block-columns-is-layout-flex\">\n<div class=\"wp-block-column is-layout-flow wp-block-column-is-layout-flow\" style=\"flex-basis:33.34%\">\n<figure class=\"wp-block-image size-large\"><img loading=\"lazy\" decoding=\"async\" width=\"1024\" height=\"572\" src=\"https:\/\/espaciocultural.ciudaddemendoza.gob.ar\/wp-content\/uploads\/2022\/08\/1-1024x572.jpg\" alt=\"\" class=\"wp-image-97587\" srcset=\"https:\/\/espaciocultural.ciudaddemendoza.gob.ar\/wp-content\/uploads\/2022\/08\/1-1024x572.jpg 1024w, https:\/\/espaciocultural.ciudaddemendoza.gob.ar\/wp-content\/uploads\/2022\/08\/1-300x168.jpg 300w, https:\/\/espaciocultural.ciudaddemendoza.gob.ar\/wp-content\/uploads\/2022\/08\/1-768x429.jpg 768w, https:\/\/espaciocultural.ciudaddemendoza.gob.ar\/wp-content\/uploads\/2022\/08\/1-24x13.jpg 24w, https:\/\/espaciocultural.ciudaddemendoza.gob.ar\/wp-content\/uploads\/2022\/08\/1-36x20.jpg 36w, https:\/\/espaciocultural.ciudaddemendoza.gob.ar\/wp-content\/uploads\/2022\/08\/1-48x27.jpg 48w, https:\/\/espaciocultural.ciudaddemendoza.gob.ar\/wp-content\/uploads\/2022\/08\/1.jpg 1128w\" sizes=\"auto, (max-width: 1024px) 100vw, 1024px\" \/><\/figure>\n<\/div>\n\n\n\n<div class=\"wp-block-column is-layout-flow wp-block-column-is-layout-flow\" style=\"flex-basis:33.34%\">\n<figure class=\"wp-block-image size-large\"><img loading=\"lazy\" decoding=\"async\" width=\"1024\" height=\"573\" src=\"https:\/\/espaciocultural.ciudaddemendoza.gob.ar\/wp-content\/uploads\/2022\/08\/2-1024x573.jpg\" alt=\"\" class=\"wp-image-97588\" srcset=\"https:\/\/espaciocultural.ciudaddemendoza.gob.ar\/wp-content\/uploads\/2022\/08\/2-1024x573.jpg 1024w, https:\/\/espaciocultural.ciudaddemendoza.gob.ar\/wp-content\/uploads\/2022\/08\/2-300x168.jpg 300w, https:\/\/espaciocultural.ciudaddemendoza.gob.ar\/wp-content\/uploads\/2022\/08\/2-768x430.jpg 768w, https:\/\/espaciocultural.ciudaddemendoza.gob.ar\/wp-content\/uploads\/2022\/08\/2-24x13.jpg 24w, https:\/\/espaciocultural.ciudaddemendoza.gob.ar\/wp-content\/uploads\/2022\/08\/2-36x20.jpg 36w, https:\/\/espaciocultural.ciudaddemendoza.gob.ar\/wp-content\/uploads\/2022\/08\/2-48x27.jpg 48w, https:\/\/espaciocultural.ciudaddemendoza.gob.ar\/wp-content\/uploads\/2022\/08\/2.jpg 1128w\" sizes=\"auto, (max-width: 1024px) 100vw, 1024px\" \/><\/figure>\n<\/div>\n\n\n\n<div class=\"wp-block-column is-layout-flow wp-block-column-is-layout-flow\" style=\"flex-basis:33.33%\">\n<figure class=\"wp-block-image size-large\"><img loading=\"lazy\" decoding=\"async\" width=\"1128\" height=\"631\" src=\"https:\/\/espaciocultural.ciudaddemendoza.gob.ar\/wp-content\/uploads\/2022\/08\/3-1024x573.jpg\" alt=\"\" class=\"wp-image-97589\" srcset=\"https:\/\/espaciocultural.ciudaddemendoza.gob.ar\/wp-content\/uploads\/2022\/08\/3-1024x573.jpg 1024w, https:\/\/espaciocultural.ciudaddemendoza.gob.ar\/wp-content\/uploads\/2022\/08\/3-300x168.jpg 300w, https:\/\/espaciocultural.ciudaddemendoza.gob.ar\/wp-content\/uploads\/2022\/08\/3-768x430.jpg 768w, https:\/\/espaciocultural.ciudaddemendoza.gob.ar\/wp-content\/uploads\/2022\/08\/3-24x13.jpg 24w, https:\/\/espaciocultural.ciudaddemendoza.gob.ar\/wp-content\/uploads\/2022\/08\/3-36x20.jpg 36w, https:\/\/espaciocultural.ciudaddemendoza.gob.ar\/wp-content\/uploads\/2022\/08\/3-48x27.jpg 48w, https:\/\/espaciocultural.ciudaddemendoza.gob.ar\/wp-content\/uploads\/2022\/08\/3.jpg 1128w\" sizes=\"auto, (max-width: 1128px) 100vw, 1128px\" \/><\/figure>\n<\/div>\n<\/div>\n\n\n\n<div class=\"wp-block-columns is-layout-flex wp-container-core-columns-is-layout-9d6595d7 wp-block-columns-is-layout-flex\">\n<div class=\"wp-block-column is-layout-flow wp-block-column-is-layout-flow\" style=\"flex-basis:50%\">\n<figure class=\"wp-block-image size-large\"><img loading=\"lazy\" decoding=\"async\" width=\"1024\" height=\"573\" src=\"https:\/\/espaciocultural.ciudaddemendoza.gob.ar\/wp-content\/uploads\/2022\/08\/4-1024x573.jpg\" alt=\"\" class=\"wp-image-97590\" srcset=\"https:\/\/espaciocultural.ciudaddemendoza.gob.ar\/wp-content\/uploads\/2022\/08\/4-1024x573.jpg 1024w, https:\/\/espaciocultural.ciudaddemendoza.gob.ar\/wp-content\/uploads\/2022\/08\/4-300x168.jpg 300w, https:\/\/espaciocultural.ciudaddemendoza.gob.ar\/wp-content\/uploads\/2022\/08\/4-768x430.jpg 768w, https:\/\/espaciocultural.ciudaddemendoza.gob.ar\/wp-content\/uploads\/2022\/08\/4-24x13.jpg 24w, https:\/\/espaciocultural.ciudaddemendoza.gob.ar\/wp-content\/uploads\/2022\/08\/4-36x20.jpg 36w, https:\/\/espaciocultural.ciudaddemendoza.gob.ar\/wp-content\/uploads\/2022\/08\/4-48x27.jpg 48w, https:\/\/espaciocultural.ciudaddemendoza.gob.ar\/wp-content\/uploads\/2022\/08\/4.jpg 1128w\" sizes=\"auto, (max-width: 1024px) 100vw, 1024px\" \/><\/figure>\n<\/div>\n\n\n\n<div class=\"wp-block-column is-layout-flow wp-block-column-is-layout-flow\" style=\"flex-basis:50%\">\n<figure class=\"wp-block-image size-large\"><img loading=\"lazy\" decoding=\"async\" width=\"1024\" height=\"572\" src=\"https:\/\/espaciocultural.ciudaddemendoza.gob.ar\/wp-content\/uploads\/2022\/08\/5-1024x572.jpg\" alt=\"\" class=\"wp-image-97591\" srcset=\"https:\/\/espaciocultural.ciudaddemendoza.gob.ar\/wp-content\/uploads\/2022\/08\/5-1024x572.jpg 1024w, https:\/\/espaciocultural.ciudaddemendoza.gob.ar\/wp-content\/uploads\/2022\/08\/5-300x168.jpg 300w, https:\/\/espaciocultural.ciudaddemendoza.gob.ar\/wp-content\/uploads\/2022\/08\/5-768x429.jpg 768w, https:\/\/espaciocultural.ciudaddemendoza.gob.ar\/wp-content\/uploads\/2022\/08\/5-24x13.jpg 24w, https:\/\/espaciocultural.ciudaddemendoza.gob.ar\/wp-content\/uploads\/2022\/08\/5-36x20.jpg 36w, https:\/\/espaciocultural.ciudaddemendoza.gob.ar\/wp-content\/uploads\/2022\/08\/5-48x27.jpg 48w, https:\/\/espaciocultural.ciudaddemendoza.gob.ar\/wp-content\/uploads\/2022\/08\/5.jpg 1128w\" sizes=\"auto, (max-width: 1024px) 100vw, 1024px\" \/><\/figure>\n<\/div>\n<\/div>\n","protected":false},"excerpt":{"rendered":"<p>El ciclo presentar\u00e1 interesantes propuestas, entre ellas dos conservatorios gratuitos. Adquir\u00ed tu ticket a trav\u00e9s de Entrada Web. La Ciudad de Mendoza trae en agosto el&nbsp;ciclo \u201cDanza Arriba\u201d&nbsp;para disfrutar en el &nbsp;teatro Julio Quintanilla.&nbsp;El inicio ser\u00e1 el&nbsp;s\u00e1bado 6 con un conversatorio gratuito, mientras que&nbsp;a partir del viernes 12 tendr\u00e1n lugar las diferentes obras que se [&hellip;]<\/p>\n","protected":false},"author":9,"featured_media":97586,"comment_status":"open","ping_status":"open","sticky":false,"template":"","format":"standard","meta":{"om_disable_all_campaigns":false,"_mi_skip_tracking":false,"_monsterinsights_sitenote_active":false,"_monsterinsights_sitenote_note":"","_monsterinsights_sitenote_category":0,"footnotes":""},"categories":[21,26,73],"tags":[],"class_list":["post-97585","post","type-post","status-publish","format-standard","has-post-thumbnail","hentry","category-cultura","category-destacada","category-teatro-quintanilla"],"acf":[],"aioseo_notices":[],"_links":{"self":[{"href":"https:\/\/espaciocultural.ciudaddemendoza.gob.ar\/index.php?rest_route=\/wp\/v2\/posts\/97585","targetHints":{"allow":["GET"]}}],"collection":[{"href":"https:\/\/espaciocultural.ciudaddemendoza.gob.ar\/index.php?rest_route=\/wp\/v2\/posts"}],"about":[{"href":"https:\/\/espaciocultural.ciudaddemendoza.gob.ar\/index.php?rest_route=\/wp\/v2\/types\/post"}],"author":[{"embeddable":true,"href":"https:\/\/espaciocultural.ciudaddemendoza.gob.ar\/index.php?rest_route=\/wp\/v2\/users\/9"}],"replies":[{"embeddable":true,"href":"https:\/\/espaciocultural.ciudaddemendoza.gob.ar\/index.php?rest_route=%2Fwp%2Fv2%2Fcomments&post=97585"}],"version-history":[{"count":1,"href":"https:\/\/espaciocultural.ciudaddemendoza.gob.ar\/index.php?rest_route=\/wp\/v2\/posts\/97585\/revisions"}],"predecessor-version":[{"id":97592,"href":"https:\/\/espaciocultural.ciudaddemendoza.gob.ar\/index.php?rest_route=\/wp\/v2\/posts\/97585\/revisions\/97592"}],"wp:featuredmedia":[{"embeddable":true,"href":"https:\/\/espaciocultural.ciudaddemendoza.gob.ar\/index.php?rest_route=\/wp\/v2\/media\/97586"}],"wp:attachment":[{"href":"https:\/\/espaciocultural.ciudaddemendoza.gob.ar\/index.php?rest_route=%2Fwp%2Fv2%2Fmedia&parent=97585"}],"wp:term":[{"taxonomy":"category","embeddable":true,"href":"https:\/\/espaciocultural.ciudaddemendoza.gob.ar\/index.php?rest_route=%2Fwp%2Fv2%2Fcategories&post=97585"},{"taxonomy":"post_tag","embeddable":true,"href":"https:\/\/espaciocultural.ciudaddemendoza.gob.ar\/index.php?rest_route=%2Fwp%2Fv2%2Ftags&post=97585"}],"curies":[{"name":"wp","href":"https:\/\/api.w.org\/{rel}","templated":true}]}}