{"id":97617,"date":"2022-08-24T13:34:00","date_gmt":"2022-08-24T13:34:00","guid":{"rendered":"https:\/\/espaciocultural.ciudaddemendoza.gob.ar\/?p=97617"},"modified":"2022-08-25T13:47:06","modified_gmt":"2022-08-25T13:47:06","slug":"el-videoarte-del-artista-dario-exequiel-sera-proyectado-en-el-mmamm","status":"publish","type":"post","link":"https:\/\/espaciocultural.ciudaddemendoza.gob.ar\/?p=97617","title":{"rendered":"El videoarte del artista Dar\u00edo Exequiel ser\u00e1 proyectado en el MMAMM"},"content":{"rendered":"\n<h3 class=\"wp-block-heading\" id=\"en-septiembre-ciudad-de-mendoza-continua-poniendo-en-valor-las-artes-visuales.-en-esta-oportunidad-quienes-asistan-al-museo-podran-indagar-en-la-propuesta-artistica-de-dario-presente-en-la-muestra-procesos-y-ficciones-ensayos-de-lo-impreciso.\">En septiembre, Ciudad de Mendoza contin\u00faa poniendo en valor las artes visuales. En esta oportunidad, quienes asistan al museo podr\u00e1n indagar en la propuesta art\u00edstica de Dar\u00edo presente en la muestra \u201cProcesos y Ficciones: ensayos de lo impreciso\u201d.<\/h3>\n\n\n\n<p>El<strong>&nbsp;2 de septiembre a las 18<\/strong>, con<strong>&nbsp;entrada libre y gratuita<\/strong>, el&nbsp;<strong>Museo Municipal de Arte Moderno<\/strong>&nbsp;proyectar\u00e1 las obras de videoarte del artista&nbsp;<strong>Dar\u00edo&nbsp;Exequiel<\/strong>. Adem\u00e1s, los asistentes tendr\u00e1n la posibilidad de indagar en la propuesta de Dar\u00edo, presente en la muestra colectiva&nbsp;<a href=\"https:\/\/ciudaddemendoza.gob.ar\/2022\/07\/15\/tres-grandes-muestras-podran-verse-hasta-octubre-en-el-mmamm\/\" target=\"_blank\" rel=\"noreferrer noopener\">\u201cProcesos y Ficciones: ensayos de lo impreciso\u201d<\/a><strong>.<\/strong><\/p>\n\n\n\n<p><strong>Las proyecciones que se ver\u00e1n son:<\/strong><\/p>\n\n\n\n<p><strong>\u201cEl movimiento\u201d.&nbsp;<\/strong>En medio de sus existencias colmadas de pereza, oscilando entre el trabajo febril, las diversiones desenfrenadas y los forzados reposos, est\u00e1 nuestro hombre. Un hombre que se tapa los ojos y avanza con secreta emoci\u00f3n para llegar al movimiento y con \u00e9l cumplir sus expectativas (aunque \u00e9l ya sabe que cuando sea de noche no va a poder). Mendoza, Argentina, 2016. Duraci\u00f3n: 13 minutos, 37 segundos.<\/p>\n\n\n\n<p><strong>\u201cSanatorio Argentino\u201d.&nbsp;<\/strong>Hay coraz\u00f3n, que dif\u00edcil creer en ti. Mendoza, Argentina, 2019. Duraci\u00f3n: 15 minutos, 32 segundos.<\/p>\n\n\n\n<p><strong>\u201cLos amantes\u201d.&nbsp;<\/strong>Entre su coraz\u00f3n y el m\u00edo, hab\u00eda un paso y la duda de si un paso fuera suficiente. Mendoza, Argentina, 2022. Duraci\u00f3n: 7 minutos, 23 segundos.<\/p>\n\n\n\n<p>Dar\u00edo Exequiel es realizador documental y experimental. Es director de arte de Mendoza con un gran recorrido a nivel nacional. Dirige documentales experimentales y ficciones. Trabaja desempe\u00f1\u00e1ndose en producciones locales y nacionales en el \u00e1rea de arte, lo que le ha permitido trabajar en proyectos de largometrajes, series televisivas y web, cortometrajes, videoclips musicales y publicidades.<\/p>\n\n\n\n<p>El artista tambi\u00e9n ha realizado cortometrajes, mediometrajes y largos que han sido programados en festivales y muestras de Argentina y otros pa\u00edses como Chile, Uruguay, M\u00e9xico, Brasil y Finlandia.<\/p>\n\n\n\n<p><strong>Record\u00e1, la cita es el 2 de septiembre a las 18 en el MMAMM, plaza Independencia.<\/strong><\/p>\n\n\n\n<figure class=\"wp-block-image size-large\"><img loading=\"lazy\" decoding=\"async\" width=\"1024\" height=\"572\" src=\"https:\/\/espaciocultural.ciudaddemendoza.gob.ar\/wp-content\/uploads\/2022\/08\/1-2-1024x572.jpg\" alt=\"\" class=\"wp-image-97619\" srcset=\"https:\/\/espaciocultural.ciudaddemendoza.gob.ar\/wp-content\/uploads\/2022\/08\/1-2-1024x572.jpg 1024w, https:\/\/espaciocultural.ciudaddemendoza.gob.ar\/wp-content\/uploads\/2022\/08\/1-2-300x168.jpg 300w, https:\/\/espaciocultural.ciudaddemendoza.gob.ar\/wp-content\/uploads\/2022\/08\/1-2-768x429.jpg 768w, https:\/\/espaciocultural.ciudaddemendoza.gob.ar\/wp-content\/uploads\/2022\/08\/1-2-24x13.jpg 24w, https:\/\/espaciocultural.ciudaddemendoza.gob.ar\/wp-content\/uploads\/2022\/08\/1-2-36x20.jpg 36w, https:\/\/espaciocultural.ciudaddemendoza.gob.ar\/wp-content\/uploads\/2022\/08\/1-2-48x27.jpg 48w, https:\/\/espaciocultural.ciudaddemendoza.gob.ar\/wp-content\/uploads\/2022\/08\/1-2.jpg 1128w\" sizes=\"auto, (max-width: 1024px) 100vw, 1024px\" \/><\/figure>\n","protected":false},"excerpt":{"rendered":"<p>En septiembre, Ciudad de Mendoza contin\u00faa poniendo en valor las artes visuales. En esta oportunidad, quienes asistan al museo podr\u00e1n indagar en la propuesta art\u00edstica de Dar\u00edo presente en la muestra \u201cProcesos y Ficciones: ensayos de lo impreciso\u201d. El&nbsp;2 de septiembre a las 18, con&nbsp;entrada libre y gratuita, el&nbsp;Museo Municipal de Arte Moderno&nbsp;proyectar\u00e1 las obras [&hellip;]<\/p>\n","protected":false},"author":9,"featured_media":97618,"comment_status":"closed","ping_status":"open","sticky":false,"template":"","format":"standard","meta":{"om_disable_all_campaigns":false,"_mi_skip_tracking":false,"_monsterinsights_sitenote_active":false,"_monsterinsights_sitenote_note":"","_monsterinsights_sitenote_category":0,"footnotes":""},"categories":[21,26,71],"tags":[],"class_list":["post-97617","post","type-post","status-publish","format-standard","has-post-thumbnail","hentry","category-cultura","category-destacada","category-museo-mmamm"],"acf":[],"aioseo_notices":[],"_links":{"self":[{"href":"https:\/\/espaciocultural.ciudaddemendoza.gob.ar\/index.php?rest_route=\/wp\/v2\/posts\/97617","targetHints":{"allow":["GET"]}}],"collection":[{"href":"https:\/\/espaciocultural.ciudaddemendoza.gob.ar\/index.php?rest_route=\/wp\/v2\/posts"}],"about":[{"href":"https:\/\/espaciocultural.ciudaddemendoza.gob.ar\/index.php?rest_route=\/wp\/v2\/types\/post"}],"author":[{"embeddable":true,"href":"https:\/\/espaciocultural.ciudaddemendoza.gob.ar\/index.php?rest_route=\/wp\/v2\/users\/9"}],"replies":[{"embeddable":true,"href":"https:\/\/espaciocultural.ciudaddemendoza.gob.ar\/index.php?rest_route=%2Fwp%2Fv2%2Fcomments&post=97617"}],"version-history":[{"count":1,"href":"https:\/\/espaciocultural.ciudaddemendoza.gob.ar\/index.php?rest_route=\/wp\/v2\/posts\/97617\/revisions"}],"predecessor-version":[{"id":97620,"href":"https:\/\/espaciocultural.ciudaddemendoza.gob.ar\/index.php?rest_route=\/wp\/v2\/posts\/97617\/revisions\/97620"}],"wp:featuredmedia":[{"embeddable":true,"href":"https:\/\/espaciocultural.ciudaddemendoza.gob.ar\/index.php?rest_route=\/wp\/v2\/media\/97618"}],"wp:attachment":[{"href":"https:\/\/espaciocultural.ciudaddemendoza.gob.ar\/index.php?rest_route=%2Fwp%2Fv2%2Fmedia&parent=97617"}],"wp:term":[{"taxonomy":"category","embeddable":true,"href":"https:\/\/espaciocultural.ciudaddemendoza.gob.ar\/index.php?rest_route=%2Fwp%2Fv2%2Fcategories&post=97617"},{"taxonomy":"post_tag","embeddable":true,"href":"https:\/\/espaciocultural.ciudaddemendoza.gob.ar\/index.php?rest_route=%2Fwp%2Fv2%2Ftags&post=97617"}],"curies":[{"name":"wp","href":"https:\/\/api.w.org\/{rel}","templated":true}]}}