{"id":97621,"date":"2022-09-01T14:46:00","date_gmt":"2022-09-01T14:46:00","guid":{"rendered":"https:\/\/espaciocultural.ciudaddemendoza.gob.ar\/?p=97621"},"modified":"2022-09-02T14:55:46","modified_gmt":"2022-09-02T14:55:46","slug":"danza-y-teatro-local-en-el-quintanilla","status":"publish","type":"post","link":"https:\/\/espaciocultural.ciudaddemendoza.gob.ar\/?p=97621","title":{"rendered":"Danza y teatro local en el Quintanilla"},"content":{"rendered":"\n<p><strong>La sala ubicada en el Espacio Cultural Plaza Independencia (ECPI) tendr\u00e1 funciones viernes, s\u00e1bado y domingo.<\/strong><\/p>\n\n\n\n<p>El espacio cultural compuesto por el Museo Municipal de Arte Moderno (MMAMM), el&nbsp;<strong>Teatro Municipal Julio Quintanilla<\/strong>&nbsp;y la Biblioteca Ricardo Tudela, fue recuperado totalmente durante la gesti\u00f3n del intendente de las Ciudad de Mendoza, Ulpiano Suarez. El fin: poder disfrutar de un lugar moderno, inclusivo y de calidad.<\/p>\n\n\n\n<p>En esta oportunidad te contamos las puestas en escena que llegar\u00e1n al&nbsp;<strong>Quintanilla<\/strong>, este fin de semana. Vecinos y turistas est\u00e1n invitados a ser parte de dos<strong>&nbsp;obras de teatro<\/strong>&nbsp;y de un&nbsp;<strong>ciclo de danza<\/strong>&nbsp;imperdible.<\/p>\n\n\n\n<p><strong>Viernes 2<br>Danza<\/strong><br><strong>Ciclo \u201cDanza Arriba\u201d. 21.30 hs.&nbsp;<\/strong>Entrada: $1000 a trav\u00e9s de&nbsp;<a href=\"https:\/\/www.entradaweb.com.ar\/\" target=\"_blank\" rel=\"noreferrer noopener\">www.entradaweb.com<\/a>. En coproducci\u00f3n con el Colectivo Trabajadorxs de la Danza. Obras:&nbsp;<strong>\u201cConvergencia\u201d y \u201cVital\u201d.<\/strong>&nbsp;\u201cConvergencia\u201d: s. f. Lugar o punto en que se unen dos cosas. Convergencia nace de la necesidad urgente de encuentro. Hace tangible procesos de \u00edntima conexi\u00f3n. \u00bfA d\u00f3nde estoy cuando no estoy? Hay ciclos en la vida que se agotan e identidades que mueren \u00bfQui\u00e9n soy y qui\u00e9n creo que soy? Mujeres eliminando para pertenecerse. \u201cVital\u201d: la obra recorre distintos estados de \u00e1nimo y situaciones vividas durante la pandemia, dando finalmente un mensaje esperanzador.<\/p>\n\n\n\n<p><strong>S\u00e1bado 3<br>Teatro<br>\u201cEl caso Belac\u00fcr\u201d. 21.30 hs.<\/strong>&nbsp;Entrada: $600 a trav\u00e9s de&nbsp;<a href=\"https:\/\/www.entradaweb.com.ar\/\" target=\"_blank\" rel=\"noreferrer noopener\">www.entradaweb.com<\/a>. La bella y calmada ciudad de Belac\u00fcr est\u00e1 siendo azotada. Hay una verdadera amenaza que entra en los hogares robando a gusto y placer. Estamos hablando de un aut\u00e9ntico monstruo que se hace llamar\u2026 \u201cEl Hurtador\u201d. Pero a\u00fan hay esperanzas: dos individuos rechazados por la sociedad se re\u00fanen para arreglar sus diferencias, y as\u00ed emprender una alocada b\u00fasqueda. \u00bfPodr\u00e1n Serena Poema y el detective certificado, Emile Piaget, resolver el caso Belac\u00fcr?<\/p>\n\n\n\n<p><strong>Domingo 4<br>Teatro<br>\u201cLa Familia Madrigal\u201d. 19 hs.&nbsp;<\/strong>Entrada: $1000 a trav\u00e9s de&nbsp;<a rel=\"noreferrer noopener\" href=\"https:\/\/www.entradaweb.com.ar\/\" target=\"_blank\">www.entradaweb.com<\/a>. Los Madrigal en concierto. Show musical-interactivo que encantar\u00e1 a grandes y a chicos. Tus personajes preferidos te esperan para cantar, bailar y compartir nuestros dones. M\u00e1s de 15 artistas en escena.<\/p>\n\n\n\n<figure class=\"wp-block-image\"><img decoding=\"async\" src=\"https:\/\/ciudaddemendoza.gob.ar\/wp-content\/uploads\/2022\/09\/Placa-jueves-1-de-septiembre-mediodia.jpg\" alt=\"Placa jueves de septiembre mediodia\" class=\"wp-image-116412\"\/><\/figure>\n","protected":false},"excerpt":{"rendered":"<p>La sala ubicada en el Espacio Cultural Plaza Independencia (ECPI) tendr\u00e1 funciones viernes, s\u00e1bado y domingo. El espacio cultural compuesto por el Museo Municipal de Arte Moderno (MMAMM), el&nbsp;Teatro Municipal Julio Quintanilla&nbsp;y la Biblioteca Ricardo Tudela, fue recuperado totalmente durante la gesti\u00f3n del intendente de las Ciudad de Mendoza, Ulpiano Suarez. El fin: poder disfrutar [&hellip;]<\/p>\n","protected":false},"author":9,"featured_media":97622,"comment_status":"closed","ping_status":"open","sticky":false,"template":"","format":"standard","meta":{"om_disable_all_campaigns":false,"_mi_skip_tracking":false,"_monsterinsights_sitenote_active":false,"_monsterinsights_sitenote_note":"","_monsterinsights_sitenote_category":0,"footnotes":""},"categories":[26,73],"tags":[],"class_list":["post-97621","post","type-post","status-publish","format-standard","has-post-thumbnail","hentry","category-destacada","category-teatro-quintanilla"],"acf":[],"aioseo_notices":[],"_links":{"self":[{"href":"https:\/\/espaciocultural.ciudaddemendoza.gob.ar\/index.php?rest_route=\/wp\/v2\/posts\/97621","targetHints":{"allow":["GET"]}}],"collection":[{"href":"https:\/\/espaciocultural.ciudaddemendoza.gob.ar\/index.php?rest_route=\/wp\/v2\/posts"}],"about":[{"href":"https:\/\/espaciocultural.ciudaddemendoza.gob.ar\/index.php?rest_route=\/wp\/v2\/types\/post"}],"author":[{"embeddable":true,"href":"https:\/\/espaciocultural.ciudaddemendoza.gob.ar\/index.php?rest_route=\/wp\/v2\/users\/9"}],"replies":[{"embeddable":true,"href":"https:\/\/espaciocultural.ciudaddemendoza.gob.ar\/index.php?rest_route=%2Fwp%2Fv2%2Fcomments&post=97621"}],"version-history":[{"count":1,"href":"https:\/\/espaciocultural.ciudaddemendoza.gob.ar\/index.php?rest_route=\/wp\/v2\/posts\/97621\/revisions"}],"predecessor-version":[{"id":97623,"href":"https:\/\/espaciocultural.ciudaddemendoza.gob.ar\/index.php?rest_route=\/wp\/v2\/posts\/97621\/revisions\/97623"}],"wp:featuredmedia":[{"embeddable":true,"href":"https:\/\/espaciocultural.ciudaddemendoza.gob.ar\/index.php?rest_route=\/wp\/v2\/media\/97622"}],"wp:attachment":[{"href":"https:\/\/espaciocultural.ciudaddemendoza.gob.ar\/index.php?rest_route=%2Fwp%2Fv2%2Fmedia&parent=97621"}],"wp:term":[{"taxonomy":"category","embeddable":true,"href":"https:\/\/espaciocultural.ciudaddemendoza.gob.ar\/index.php?rest_route=%2Fwp%2Fv2%2Fcategories&post=97621"},{"taxonomy":"post_tag","embeddable":true,"href":"https:\/\/espaciocultural.ciudaddemendoza.gob.ar\/index.php?rest_route=%2Fwp%2Fv2%2Ftags&post=97621"}],"curies":[{"name":"wp","href":"https:\/\/api.w.org\/{rel}","templated":true}]}}